{"id":853,"date":"2026-09-03T12:15:03","date_gmt":"2026-09-03T10:15:03","guid":{"rendered":"https:\/\/wp.ecole-ndlc.be\/?p=853"},"modified":"2026-09-03T12:16:15","modified_gmt":"2026-09-03T10:16:15","slug":"presences-en-classe","status":"publish","type":"post","link":"https:\/\/wp.ecole-ndlc.be\/index.php\/2026\/09\/03\/presences-en-classe\/","title":{"rendered":"Pr\u00e9sences en classe"},"content":{"rendered":"\n<p class=\"has-regular-font-size wp-block-paragraph\" style=\"font-style:normal;font-weight:400\">Nouveaut\u00e9 pour les pr\u00e9sences scolaires (\u00e0 partir de la 3\u00e8me maternelle jusqu&rsquo;\u00e0 la 6eme primaire)<\/p>\n\n\n\n<p class=\"has-regular-font-size wp-block-paragraph\" style=\"font-style:normal;font-weight:400\">Votre enfant, depuis son entr\u00e9e en 3\u00e8me maternelle, est soumis \u00e0 l\u2019obligation scolaire, conform\u00e9ment \u00e0 la loi du 29 juin 1983.<\/p>\n\n\n\n<p class=\"has-regular-font-size wp-block-paragraph\" style=\"font-style:normal;font-weight:400\">Cette ann\u00e9e scolaire, la gestion des pr\u00e9sences de votre enfant \u00e9volue. Les registres de pr\u00e9sence ne sont plus sous format papier, mais deviennent num\u00e9riques. Nous utilisons l&rsquo;application Horizon Pr\u00e9sences : <a href=\"http:\/\/presence.scolares.be\">http:\/\/presence.scolares.be<\/a> <\/p>\n\n\n\n<p class=\"has-purple-color has-text-color has-link-color has-regular-font-size wp-elements-1 wp-block-paragraph\" style=\"font-style:normal;font-weight:400\"><img loading=\"lazy\" decoding=\"async\" height=\"16\" width=\"16\" alt=\"\ud83d\udccc\" src=\"https:\/\/static.xx.fbcdn.net\/images\/emoji.php\/v9\/tac\/1\/16\/1f4cc.png\"> Ce qui change pour vous :<\/p>\n\n\n\n<p class=\"has-regular-font-size wp-block-paragraph\" style=\"font-style:normal;font-weight:400\">\u2022 En cas d\u2019absence de votre enfant, il est indispensable de fournir une justification :<\/p>\n\n\n\n<p class=\"has-regular-font-size wp-block-paragraph\" style=\"font-style:normal;font-weight:400\">o Soit en la remettant en version papier \u00e0 son retour \u00e0 l\u2019enseignante (farde d\u2019avis\/ de communication).<\/p>\n\n\n\n<p class=\"has-regular-font-size wp-block-paragraph\" style=\"font-style:normal;font-weight:400\">o Soit en l\u2019envoyant directement, via l&rsquo;application Horizon Pr\u00e9sence. <\/p>\n\n\n\n<p class=\"has-purple-color has-text-color has-link-color has-regular-font-size wp-elements-2 wp-block-paragraph\" style=\"font-style:normal;font-weight:400\"><img loading=\"lazy\" decoding=\"async\" height=\"16\" width=\"16\" alt=\"\u26a0\ufe0f\" src=\"https:\/\/static.xx.fbcdn.net\/images\/emoji.php\/v9\/tdc\/1\/16\/26a0.png\"> D\u00e9lais et cons\u00e9quences :<\/p>\n\n\n\n<p class=\"has-regular-font-size wp-block-paragraph\" style=\"font-style:normal;font-weight:400\">\u2022 Les enseignants disposent d\u00e9sormais de 10 jours pour introduire la justification dans le syst\u00e8me.<\/p>\n\n\n\n<p class=\"has-regular-font-size wp-block-paragraph\" style=\"font-style:normal;font-weight:400\">\u2022 Au-del\u00e0 de ce d\u00e9lai, l\u2019absence sera consid\u00e9r\u00e9e comme injustifi\u00e9e (programme informatique).<\/p>\n\n\n\n<p class=\"has-regular-font-size wp-block-paragraph\" style=\"font-style:normal;font-weight:400\">\u2022 \u00c0 partir du 9\u00e8me demi-jour d\u2019absence injustifi\u00e9e, un signalement sera automatiquement transmis \u00e0 la F\u00e9d\u00e9ration Wallonie-Bruxelles.<\/p>\n\n\n\n<p class=\"has-regular-font-size wp-block-paragraph\" style=\"font-style:normal;font-weight:400\">\u2022 Auparavant, la direction pouvait faire un dernier rappel aux parents avant le signalement. D\u00e9sormais, ce ne sera plus possible : la d\u00e9claration sera directement transmise \u00e0 la F\u00e9d\u00e9ration, sans passage par la direction.<\/p>\n\n\n\n<p class=\"has-purple-color has-text-color has-link-color has-regular-font-size wp-elements-3 wp-block-paragraph\" style=\"font-style:normal;font-weight:400\"><img loading=\"lazy\" decoding=\"async\" height=\"16\" width=\"16\" alt=\"\ud83d\udca1\" src=\"https:\/\/static.xx.fbcdn.net\/images\/emoji.php\/v9\/t3c\/1\/16\/1f4a1.png\"> Conseils pour \u00e9viter tout probl\u00e8me :<\/p>\n\n\n\n<p class=\"has-regular-font-size wp-block-paragraph\" style=\"font-style:normal;font-weight:400\">Pour plus de fiabilit\u00e9 et de rapidit\u00e9, nous vous recommandons vivement d\u2019envoyer les justificatifs d\u2019absence sur l&rsquo;application Horizon Pr\u00e9sence  ou de la mettre dans la farde de communication d\u00e8s le retour de l&rsquo;enfant \u00e0 l&rsquo;\u00e9cole. <\/p>\n\n\n\n<p class=\"has-purple-color has-text-color has-link-color has-regular-font-size wp-elements-4 wp-block-paragraph\" style=\"font-style:normal;font-weight:400\"><strong>Rappel :<\/strong><\/p>\n\n\n\n<p class=\"has-regular-font-size wp-block-paragraph\" style=\"font-style:normal;font-weight:400\">\u2022 Pour les absences d\u20191 \u00e0 3 jours, une justification \u00e9crite des parents est obligatoire.<\/p>\n\n\n\n<p class=\"has-regular-font-size wp-block-paragraph\" style=\"font-style:normal;font-weight:400\">\u2022 Pour les absences de 4 jours ou plus, un certificat m\u00e9dical est requis.<\/p>\n\n\n\n<p class=\"has-regular-font-size wp-block-paragraph\" style=\"font-style:normal;font-weight:400\">\u2022 Ces documents doivent \u00eatre remis au plus tard le lendemain du dernier jour d\u2019absence (si \u2264 3 jours) ou au 4\u00e8me jour d\u2019absence (si &gt; 3 jours).<\/p>\n\n\n\n<p class=\"has-regular-font-size wp-block-paragraph\" style=\"font-style:normal;font-weight:600\">Seuls les motifs suivants sont valables :<\/p>\n\n\n\n<p class=\"has-regular-font-size wp-block-paragraph\" style=\"font-style:normal;font-weight:400\">1. Maladie ou indisposition (certificat m\u00e9dical ou motif parental pour 1 \u00e0 3 jours).<\/p>\n\n\n\n<p class=\"has-regular-font-size wp-block-paragraph\" style=\"font-style:normal;font-weight:400\">2. D\u00e9c\u00e8s d\u2019un parent ou alli\u00e9 jusqu\u2019au 4\u00e8me degr\u00e9 (4 jours au 1er degr\u00e9, 2 jours maximum pour les autres).<\/p>\n\n\n\n<p class=\"has-regular-font-size wp-block-paragraph\" style=\"font-style:normal;font-weight:400\">3. Participation \u00e0 des stages\/comp\u00e9titions pour sportifs de haut niveau.<\/p>\n\n\n\n<p class=\"has-regular-font-size wp-block-paragraph\" style=\"font-style:normal;font-weight:400\">4. Convocations officielles (autorit\u00e9 publique, etc.).<\/p>\n\n\n\n<p class=\"has-regular-font-size wp-block-paragraph\" style=\"font-style:normal;font-weight:400\">5. Cas de force majeure ou circonstances exceptionnelles (appr\u00e9ci\u00e9s par la direction).<\/p>\n\n\n\n<p class=\"has-regular-font-size wp-block-paragraph\" style=\"font-style:normal;font-weight:600\">Les motifs refus\u00e9s l\u00e9galement et ne pouvant pas \u00eatre accept\u00e9 par la direction de l\u2019\u00e9cole :<\/p>\n\n\n\n<p class=\"has-regular-font-size wp-block-paragraph\" style=\"font-style:normal;font-weight:400\">\u2022 Les vacances en p\u00e9riode scolaire,<\/p>\n\n\n\n<p class=\"has-regular-font-size wp-block-paragraph\" style=\"font-style:normal;font-weight:400\">\u2022 les weekends prolong\u00e9s pour un \u00e9v\u00e9nement familial,<\/p>\n\n\n\n<p class=\"has-regular-font-size wp-block-paragraph\" style=\"font-style:normal;font-weight:400\">\u2022 les journ\u00e9es chez des parents ou des grands-parents habitant loin,<\/p>\n\n\n\n<p class=\"has-regular-font-size wp-block-paragraph\" style=\"font-style:normal;font-weight:400\">\u2022 les d\u00e9parts anticip\u00e9s pour le d\u00e9part en vacances scolaire (m\u00eame une apr\u00e8s-midi).<\/p>\n\n\n\n<p class=\"has-purple-color has-text-color has-link-color has-regular-font-size wp-elements-5 wp-block-paragraph\" style=\"font-style:normal;font-weight:400\"><img loading=\"lazy\" decoding=\"async\" height=\"16\" width=\"16\" alt=\"\ud83d\udd0d\" src=\"https:\/\/static.xx.fbcdn.net\/images\/emoji.php\/v9\/tc1\/1\/16\/1f50d.png\"> Cas particuliers :<\/p>\n\n\n\n<p class=\"has-regular-font-size wp-block-paragraph\" style=\"font-style:normal;font-weight:400\">Si vous justifiez une absence par \u00ab\u00a0probl\u00e8mes familiaux\u00a0\u00bb ou \u00ab\u00a0probl\u00e8mes personnels\u00a0\u00bb, une explication devra \u00eatre fournie au moins \u00e0 la direction, si vous ne souhaitez pas en informer l\u2019enseignant.<\/p>\n\n\n\n<p class=\"has-regular-font-size wp-block-paragraph\" style=\"font-style:normal;font-weight:400\">Merci de votre collaboration pour assurer un suivi rigoureux des pr\u00e9sences et \u00e9viter tout d\u00e9sagr\u00e9ment.<\/p>\n\n\n\n<p class=\"has-regular-font-size wp-block-paragraph\" style=\"font-style:normal;font-weight:400\"><\/p>\n\n\n\n<p class=\"has-regular-font-size wp-block-paragraph\" style=\"font-style:normal;font-weight:400\"><\/p>\n\n\n\n<p class=\"has-regular-font-size wp-block-paragraph\" style=\"font-style:normal;font-weight:400\"><\/p>\n\n\n\n<div data-wp-interactive=\"core\/file\" class=\"wp-block-file\"><object data-wp-bind--hidden=\"!state.hasPdfPreview\" hidden class=\"wp-block-file__embed\" data=\"https:\/\/wp.ecole-ndlc.be\/wp-content\/uploads\/2026\/09\/Mode_emploi_Horizon_Presences_Parents-V1.pdf\" type=\"application\/pdf\" style=\"width:100%;height:600px\" aria-label=\"Contenu embarqu\u00e9 Mode_emploi_Horizon_Presences_Parents  V1.\"><\/object><a id=\"wp-block-file--media-789f8119-ae07-4b52-9800-84909da3b373\" href=\"https:\/\/wp.ecole-ndlc.be\/wp-content\/uploads\/2026\/09\/Mode_emploi_Horizon_Presences_Parents-V1.pdf\">Mode_emploi_Horizon_Presences_Parents  V1<\/a><a href=\"https:\/\/wp.ecole-ndlc.be\/wp-content\/uploads\/2026\/09\/Mode_emploi_Horizon_Presences_Parents-V1.pdf\" class=\"wp-block-file__button wp-element-button\" download aria-describedby=\"wp-block-file--media-789f8119-ae07-4b52-9800-84909da3b373\">T\u00e9l\u00e9charger<\/a><\/div>\n\n\n\n<p class=\"has-regular-font-size wp-block-paragraph\" style=\"font-style:normal;font-weight:400\"><\/p>\n\n\n\n<p class=\"wp-block-paragraph\"><\/p>\n","protected":false},"excerpt":{"rendered":"<p>Nouveaut\u00e9 pour les pr\u00e9sences scolaires (\u00e0 partir de la 3\u00e8me maternelle jusqu&rsquo;\u00e0 la 6eme primaire) [&hellip;]<\/p>\n","protected":false},"author":2,"featured_media":0,"comment_status":"open","ping_status":"open","sticky":false,"template":"","format":"standard","meta":{"footnotes":""},"categories":[1],"tags":[],"class_list":["post-853","post","type-post","status-publish","format-standard","hentry","category-non-classe"],"_links":{"self":[{"href":"https:\/\/wp.ecole-ndlc.be\/index.php\/wp-json\/wp\/v2\/posts\/853","targetHints":{"allow":["GET"]}}],"collection":[{"href":"https:\/\/wp.ecole-ndlc.be\/index.php\/wp-json\/wp\/v2\/posts"}],"about":[{"href":"https:\/\/wp.ecole-ndlc.be\/index.php\/wp-json\/wp\/v2\/types\/post"}],"author":[{"embeddable":true,"href":"https:\/\/wp.ecole-ndlc.be\/index.php\/wp-json\/wp\/v2\/users\/2"}],"replies":[{"embeddable":true,"href":"https:\/\/wp.ecole-ndlc.be\/index.php\/wp-json\/wp\/v2\/comments?post=853"}],"version-history":[{"count":1,"href":"https:\/\/wp.ecole-ndlc.be\/index.php\/wp-json\/wp\/v2\/posts\/853\/revisions"}],"predecessor-version":[{"id":855,"href":"https:\/\/wp.ecole-ndlc.be\/index.php\/wp-json\/wp\/v2\/posts\/853\/revisions\/855"}],"wp:attachment":[{"href":"https:\/\/wp.ecole-ndlc.be\/index.php\/wp-json\/wp\/v2\/media?parent=853"}],"wp:term":[{"taxonomy":"category","embeddable":true,"href":"https:\/\/wp.ecole-ndlc.be\/index.php\/wp-json\/wp\/v2\/categories?post=853"},{"taxonomy":"post_tag","embeddable":true,"href":"https:\/\/wp.ecole-ndlc.be\/index.php\/wp-json\/wp\/v2\/tags?post=853"}],"curies":[{"name":"wp","href":"https:\/\/api.w.org\/{rel}","templated":true}]}}