{"id":645,"date":"2025-11-02T18:09:20","date_gmt":"2025-11-02T17:09:20","guid":{"rendered":"https:\/\/wp.ecole-ndlc.be\/?p=645"},"modified":"2025-11-04T21:32:47","modified_gmt":"2025-11-04T20:32:47","slug":"conference-pedagogique-du-24-et-25-novembre-2025","status":"publish","type":"post","link":"https:\/\/wp.ecole-ndlc.be\/index.php\/2025\/11\/02\/conference-pedagogique-du-24-et-25-novembre-2025\/","title":{"rendered":"Conf\u00e9rence p\u00e9dagogique du 24 et 25 novembre 2025"},"content":{"rendered":"\n<p><\/p>\n\n\n\n<p><\/p>\n\n\n\n<p>Les&nbsp;prochaines&nbsp;journ\u00e9es&nbsp;p\u00e9dagogiques&nbsp;auront&nbsp;lieu le lundi 24 et le mardi 25 novembre 2025.&nbsp;<\/p>\n\n\n\n<p>Il y&nbsp;aura possibilit\u00e9&nbsp;d\u2019inscrire votre&nbsp;enfant \u00e0&nbsp;la&nbsp;garderie,&nbsp;mais celle-ci est&nbsp;payante.&nbsp;<\/p>\n\n\n\n<p>Veuillez compl\u00e9ter le talon d\u2019inscription re\u00e7u dans les cartables et mettre le montant exact dans une enveloppe marqu\u00e9e au nom de l\u2019enfant.&nbsp;&nbsp;<\/p>\n\n\n\n<p><\/p>\n\n\n\n<p><\/p>\n\n\n\n<p>NB\u202f:&nbsp;&nbsp;Ce jour-l\u00e0&nbsp;il n\u2019y aura pas&nbsp;de sieste pour les&nbsp;\u00e9l\u00e8ves d\u2019accueil\/M1 et pas&nbsp;de&nbsp;repas&nbsp;chaud. Merci&nbsp;de pr\u00e9voir un pique-nique&nbsp;pour votre&nbsp;enfant.&nbsp;<\/p>\n\n\n\n<figure class=\"wp-block-image size-full\"><img loading=\"lazy\" decoding=\"async\" width=\"1\" height=\"1\" src=\"https:\/\/wp.ecole-ndlc.be\/wp-content\/uploads\/2025\/11\/image.png\" alt=\"\" class=\"wp-image-657\"\/><\/figure>\n\n\n\n<div data-wp-interactive=\"core\/file\" class=\"wp-block-file\"><object data-wp-bind--hidden=\"!state.hasPdfPreview\" hidden class=\"wp-block-file__embed\" data=\"https:\/\/wp.ecole-ndlc.be\/wp-content\/uploads\/2025\/11\/garderie-du-24-25novembre-2025.pdf\" type=\"application\/pdf\" style=\"width:100%;height:600px\" aria-label=\"Contenu embarqu\u00e9 garderie du 24-25novembre-2025.\"><\/object><a id=\"wp-block-file--media-e6ce65e7-f4fa-4b91-af99-7f502c6c0472\" href=\"https:\/\/wp.ecole-ndlc.be\/wp-content\/uploads\/2025\/11\/garderie-du-24-25novembre-2025.pdf\">garderie du 24-25novembre-2025<\/a><a href=\"https:\/\/wp.ecole-ndlc.be\/wp-content\/uploads\/2025\/11\/garderie-du-24-25novembre-2025.pdf\" class=\"wp-block-file__button wp-element-button\" download aria-describedby=\"wp-block-file--media-e6ce65e7-f4fa-4b91-af99-7f502c6c0472\">T\u00e9l\u00e9charger<\/a><\/div>\n\n\n\n<p>Classe\u202f: &nbsp;<\/p>\n\n\n\n<ul class=\"wp-block-list\">\n<li>J\u2019inscris mon enfant \u00e0 la garderie&nbsp;du&nbsp;24\/11\u202f: Matin \/ Apr\u00e8s-midi&nbsp;&nbsp;<\/li>\n<\/ul>\n\n\n\n<ul class=\"wp-block-list\">\n<li>J\u2019inscris mon enfant \u00e0 la garderie du&nbsp;24\/11\u202f: Journ\u00e9e compl\u00e8te&nbsp;&nbsp;<\/li>\n<\/ul>\n\n\n\n<ul class=\"wp-block-list\">\n<li>J\u2019inscris mon enfant \u00e0 la garderie du&nbsp;25\/11\u202f: Matin \/ Apr\u00e8s-midi&nbsp;&nbsp;<\/li>\n<\/ul>\n\n\n\n<ul class=\"wp-block-list\">\n<li>J\u2019inscris mon enfant \u00e0 la garderie du&nbsp;25\/11\u202f: Journ\u00e9e compl\u00e8te&nbsp;&nbsp;<\/li>\n<\/ul>\n\n\n\n<p>Par journ\u00e9e compl\u00e8te\u202f: 7\u20ac&nbsp;&nbsp;<\/p>\n\n\n\n<p>Par demi-journ\u00e9e matin ou apr\u00e8s-midi\u202f: 4\u20ac&nbsp;&nbsp;Les infos arrivent<\/p>\n\n\n\n<p><\/p>\n","protected":false},"excerpt":{"rendered":"<p>Les&nbsp;prochaines&nbsp;journ\u00e9es&nbsp;p\u00e9dagogiques&nbsp;auront&nbsp;lieu le lundi 24 et le mardi 25 novembre 2025.&nbsp; Il y&nbsp;aura possibilit\u00e9&nbsp;d\u2019inscrire votre&nbsp;enfant \u00e0&nbsp;la&nbsp;garderie,&nbsp;mais [&hellip;]<\/p>\n","protected":false},"author":2,"featured_media":0,"comment_status":"open","ping_status":"open","sticky":false,"template":"","format":"standard","meta":{"footnotes":""},"categories":[1],"tags":[],"class_list":["post-645","post","type-post","status-publish","format-standard","hentry","category-non-classe"],"_links":{"self":[{"href":"https:\/\/wp.ecole-ndlc.be\/index.php\/wp-json\/wp\/v2\/posts\/645","targetHints":{"allow":["GET"]}}],"collection":[{"href":"https:\/\/wp.ecole-ndlc.be\/index.php\/wp-json\/wp\/v2\/posts"}],"about":[{"href":"https:\/\/wp.ecole-ndlc.be\/index.php\/wp-json\/wp\/v2\/types\/post"}],"author":[{"embeddable":true,"href":"https:\/\/wp.ecole-ndlc.be\/index.php\/wp-json\/wp\/v2\/users\/2"}],"replies":[{"embeddable":true,"href":"https:\/\/wp.ecole-ndlc.be\/index.php\/wp-json\/wp\/v2\/comments?post=645"}],"version-history":[{"count":3,"href":"https:\/\/wp.ecole-ndlc.be\/index.php\/wp-json\/wp\/v2\/posts\/645\/revisions"}],"predecessor-version":[{"id":666,"href":"https:\/\/wp.ecole-ndlc.be\/index.php\/wp-json\/wp\/v2\/posts\/645\/revisions\/666"}],"wp:attachment":[{"href":"https:\/\/wp.ecole-ndlc.be\/index.php\/wp-json\/wp\/v2\/media?parent=645"}],"wp:term":[{"taxonomy":"category","embeddable":true,"href":"https:\/\/wp.ecole-ndlc.be\/index.php\/wp-json\/wp\/v2\/categories?post=645"},{"taxonomy":"post_tag","embeddable":true,"href":"https:\/\/wp.ecole-ndlc.be\/index.php\/wp-json\/wp\/v2\/tags?post=645"}],"curies":[{"name":"wp","href":"https:\/\/api.w.org\/{rel}","templated":true}]}}