{"id":581,"date":"2025-09-16T22:32:46","date_gmt":"2025-09-16T20:32:46","guid":{"rendered":"https:\/\/wp.ecole-ndlc.be\/?p=581"},"modified":"2025-09-16T22:32:46","modified_gmt":"2025-09-16T20:32:46","slug":"souper-des-familles","status":"publish","type":"post","link":"https:\/\/wp.ecole-ndlc.be\/index.php\/2025\/09\/16\/souper-des-familles\/","title":{"rendered":"Souper des familles"},"content":{"rendered":"\n<p>Chers parents,<\/p>\n\n\n\n<p>Nous avons le plaisir de vous inviter \u00e0 la traditionnelle <strong>Soir\u00e9e des Familles<\/strong>, qui se tiendra le <strong>vendredi 10 octobre 2025 d\u00e8s 18h30 \u00e0 la salle des f\u00eates<\/strong>.<\/p>\n\n\n\n<p>Cet \u00e9v\u00e9nement est l\u2019occasion id\u00e9ale pour :<\/p>\n\n\n\n<p><\/p>\n\n\n\n<ul class=\"wp-block-list\">\n<li>Rencontrer les enseignants et les autres parents de l\u2019\u00e9cole \ud83e\udd1d<\/li>\n<\/ul>\n\n\n\n<ul class=\"wp-block-list\">\n<li>Partager un moment convivial autour d\u2019un bon repas \ud83c\udf74<\/li>\n<\/ul>\n\n\n\n<ul class=\"wp-block-list\">\n<li>Permettre aux enfants de s\u2019amuser lors de leur \u00ab boum \u00bb \ud83d\udd7a\ud83d\udc83<\/li>\n<\/ul>\n\n\n\n<ul class=\"wp-block-list\">\n<li>F\u00eater ensemble le d\u00e9but de cette nouvelle ann\u00e9e scolaire \ud83c\udf89<\/li>\n<\/ul>\n\n\n\n<hr class=\"wp-block-separator has-alpha-channel-opacity\"\/>\n\n\n\n<h2 class=\"wp-block-heading\">Le programme de la soir\u00e9e<\/h2>\n\n\n\n<ul class=\"wp-block-list\">\n<li><strong>18h30<\/strong> : Accueil et repas en toute convivialit\u00e9<\/li>\n\n\n\n<li><strong>\u00c0 partir de 21h00<\/strong> : la piste de danse s\u2019ouvre pour la traditionnelle \u00ab boum des enfants \u00bb<\/li>\n\n\n\n<li><strong>22h00<\/strong> : fin des festivit\u00e9s<\/li>\n<\/ul>\n\n\n\n<hr class=\"wp-block-separator has-alpha-channel-opacity\"\/>\n\n\n\n<h2 class=\"wp-block-heading\">Le repas<\/h2>\n\n\n\n<p>Comme l\u2019ann\u00e9e derni\u00e8re, nous vous proposons une formule simple et gourmande :<\/p>\n\n\n\n<p>\ud83d\udc49 <strong>Menu adulte<\/strong> (4 \u20ac) :<\/p>\n\n\n\n<ul class=\"wp-block-list\">\n<li>Pain saucisse<\/li>\n\n\n\n<li>OU pain saucisse hallal<\/li>\n\n\n\n<li>OU pain falafel (v\u00e9g\u00e9tarien)<ul><li>1 glace<\/li><\/ul>\n<ul class=\"wp-block-list\">\n<li>caf\u00e9 ou th\u00e9<\/li>\n<\/ul>\n<\/li>\n<\/ul>\n\n\n\n<p>\ud83d\udc49 <strong>Menu enfant<\/strong> (2 \u20ac) :<\/p>\n\n\n\n<ul class=\"wp-block-list\">\n<li>Demi-portion au choix (saucisse, hallal ou falafel)\n<ul class=\"wp-block-list\">\n<li>1 glace<\/li>\n<\/ul>\n<\/li>\n<\/ul>\n\n\n\n<p>\ud83d\udca1 Le prix couvre uniquement les frais r\u00e9els du repas.<\/p>\n\n\n\n<hr class=\"wp-block-separator has-alpha-channel-opacity\"\/>\n\n\n\n<h2 class=\"wp-block-heading\">Inscription obligatoire<\/h2>\n\n\n\n<p>Afin de garantir une bonne organisation (places limit\u00e9es), merci de vous inscrire <strong>au plus tard le lundi 6 octobre 2025<\/strong> via le lien suivant :<\/p>\n\n\n\n<p>\ud83d\udc49 <a href=\"https:\/\/forms.office.com\/Pages\/ResponsePage.aspx?id=oNIGC54yZkW1xWpdMSaNNbFxfcZ1nghCklgT_XUMIrVUMkZWQUVXTU5FRUZIQ1RGNklTVFpFTThFVC4u\">Formulaire d\u2019inscription en ligne<\/a><\/p>\n\n\n\n<hr class=\"wp-block-separator has-alpha-channel-opacity\"\/>\n\n\n\n<h2 class=\"wp-block-heading\">Important !<\/h2>\n\n\n\n<ul class=\"wp-block-list\">\n<li>Tous les enfants pr\u00e9sents doivent \u00eatre accompagn\u00e9s d\u2019un parent et restent sous leur responsabilit\u00e9 pendant toute la soir\u00e9e.<\/li>\n\n\n\n<li>La f\u00eate sera organis\u00e9e dans le respect des convictions de chacun.<\/li>\n<\/ul>\n\n\n\n<hr class=\"wp-block-separator has-alpha-channel-opacity\"\/>\n\n\n\n<h2 class=\"wp-block-heading\">Appel aux b\u00e9n\u00e9voles \ud83d\ude4f<\/h2>\n\n\n\n<p>Pour que cette soir\u00e9e soit une vraie r\u00e9ussite, nous avons besoin de coups de main (service, vaisselle, rangement\u2026).<br>Si vous souhaitez aider, vous pouvez le signaler directement dans le formulaire d\u2019inscription.<\/p>\n\n\n\n<hr class=\"wp-block-separator has-alpha-channel-opacity\"\/>\n\n\n\n<p>\u2728 Une belle soir\u00e9e conviviale \u00e0 ne pas manquer \u2728<br>Nous vous attendons nombreux pour partager ce moment festif en famille et entre amis !<\/p>\n\n\n\n<p><\/p>\n\n\n\n<p><\/p>\n\n\n\n<p>Pour l\u2019\u00e9quipe \u00e9ducative,                                                                      Pour l\u2019Association des Parents,<br>N. Salmon, Directeur                                                                          Fr\u00e9d\u00e9ric Tits, Pr\u00e9sident<\/p>\n\n\n\n<p><br><\/p>\n\n\n\n<div data-wp-interactive=\"core\/file\" class=\"wp-block-file\"><object data-wp-bind--hidden=\"!state.hasPdfPreview\" hidden class=\"wp-block-file__embed\" data=\"https:\/\/wp.ecole-ndlc.be\/wp-content\/uploads\/2025\/09\/Lettre-parents-2025.pdf\" type=\"application\/pdf\" style=\"width:100%;height:600px\" aria-label=\"Contenu embarqu\u00e9 Lettre parents 2025.\"><\/object><a id=\"wp-block-file--media-0fe1dd4a-19a8-4873-a4f7-9543ca5956b5\" href=\"https:\/\/wp.ecole-ndlc.be\/wp-content\/uploads\/2025\/09\/Lettre-parents-2025.pdf\">Lettre parents 2025<\/a><a href=\"https:\/\/wp.ecole-ndlc.be\/wp-content\/uploads\/2025\/09\/Lettre-parents-2025.pdf\" class=\"wp-block-file__button wp-element-button\" download aria-describedby=\"wp-block-file--media-0fe1dd4a-19a8-4873-a4f7-9543ca5956b5\">T\u00e9l\u00e9charger<\/a><\/div>\n","protected":false},"excerpt":{"rendered":"<p>Chers parents, Nous avons le plaisir de vous inviter \u00e0 la traditionnelle Soir\u00e9e des Familles, [&hellip;]<\/p>\n","protected":false},"author":2,"featured_media":0,"comment_status":"open","ping_status":"open","sticky":false,"template":"","format":"standard","meta":{"footnotes":""},"categories":[8],"tags":[],"class_list":["post-581","post","type-post","status-publish","format-standard","hentry","category-news"],"_links":{"self":[{"href":"https:\/\/wp.ecole-ndlc.be\/index.php\/wp-json\/wp\/v2\/posts\/581","targetHints":{"allow":["GET"]}}],"collection":[{"href":"https:\/\/wp.ecole-ndlc.be\/index.php\/wp-json\/wp\/v2\/posts"}],"about":[{"href":"https:\/\/wp.ecole-ndlc.be\/index.php\/wp-json\/wp\/v2\/types\/post"}],"author":[{"embeddable":true,"href":"https:\/\/wp.ecole-ndlc.be\/index.php\/wp-json\/wp\/v2\/users\/2"}],"replies":[{"embeddable":true,"href":"https:\/\/wp.ecole-ndlc.be\/index.php\/wp-json\/wp\/v2\/comments?post=581"}],"version-history":[{"count":4,"href":"https:\/\/wp.ecole-ndlc.be\/index.php\/wp-json\/wp\/v2\/posts\/581\/revisions"}],"predecessor-version":[{"id":588,"href":"https:\/\/wp.ecole-ndlc.be\/index.php\/wp-json\/wp\/v2\/posts\/581\/revisions\/588"}],"wp:attachment":[{"href":"https:\/\/wp.ecole-ndlc.be\/index.php\/wp-json\/wp\/v2\/media?parent=581"}],"wp:term":[{"taxonomy":"category","embeddable":true,"href":"https:\/\/wp.ecole-ndlc.be\/index.php\/wp-json\/wp\/v2\/categories?post=581"},{"taxonomy":"post_tag","embeddable":true,"href":"https:\/\/wp.ecole-ndlc.be\/index.php\/wp-json\/wp\/v2\/tags?post=581"}],"curies":[{"name":"wp","href":"https:\/\/api.w.org\/{rel}","templated":true}]}}