{"id":55,"date":"2025-01-06T21:17:18","date_gmt":"2025-01-06T20:17:18","guid":{"rendered":"https:\/\/wp.ecole-ndlc.be\/?p=55"},"modified":"2026-03-06T09:36:53","modified_gmt":"2026-03-06T08:36:53","slug":"lecole","status":"publish","type":"post","link":"https:\/\/wp.ecole-ndlc.be\/index.php\/2025\/01\/06\/lecole\/","title":{"rendered":"L&rsquo;\u00e9cole"},"content":{"rendered":"\n<figure class=\"wp-block-image size-large\"><img loading=\"lazy\" decoding=\"async\" width=\"1024\" height=\"128\" src=\"https:\/\/wp.ecole-ndlc.be\/wp-content\/uploads\/2025\/02\/1er-page-site-48-x-15-po-48-x-6-po-1024x128.png\" alt=\"\" class=\"wp-image-231\" srcset=\"https:\/\/wp.ecole-ndlc.be\/wp-content\/uploads\/2025\/02\/1er-page-site-48-x-15-po-48-x-6-po-1024x128.png 1024w, https:\/\/wp.ecole-ndlc.be\/wp-content\/uploads\/2025\/02\/1er-page-site-48-x-15-po-48-x-6-po-300x38.png 300w, https:\/\/wp.ecole-ndlc.be\/wp-content\/uploads\/2025\/02\/1er-page-site-48-x-15-po-48-x-6-po-768x96.png 768w, https:\/\/wp.ecole-ndlc.be\/wp-content\/uploads\/2025\/02\/1er-page-site-48-x-15-po-48-x-6-po-1536x192.png 1536w, https:\/\/wp.ecole-ndlc.be\/wp-content\/uploads\/2025\/02\/1er-page-site-48-x-15-po-48-x-6-po-2048x256.png 2048w\" sizes=\"auto, (max-width: 1024px) 100vw, 1024px\" \/><\/figure>\n\n\n\n<p class=\"has-regular-font-size\" id=\"block-247a3416-6a6f-4c31-96b4-de7e2db555d1\">Cette ann\u00e9e, en 2025-2026 <\/p>\n\n\n<div class=\"wp-block-image\">\n<figure class=\"alignleft size-large is-resized\"><img loading=\"lazy\" decoding=\"async\" width=\"1009\" height=\"1024\" src=\"https:\/\/wp.ecole-ndlc.be\/wp-content\/uploads\/2025\/02\/mur-rue-du-bourdon-noir-gauche-bondinet-1-1009x1024.png\" alt=\"\" class=\"wp-image-225\" style=\"width:97px;height:auto\" srcset=\"https:\/\/wp.ecole-ndlc.be\/wp-content\/uploads\/2025\/02\/mur-rue-du-bourdon-noir-gauche-bondinet-1-1009x1024.png 1009w, https:\/\/wp.ecole-ndlc.be\/wp-content\/uploads\/2025\/02\/mur-rue-du-bourdon-noir-gauche-bondinet-1-296x300.png 296w, https:\/\/wp.ecole-ndlc.be\/wp-content\/uploads\/2025\/02\/mur-rue-du-bourdon-noir-gauche-bondinet-1-768x779.png 768w, https:\/\/wp.ecole-ndlc.be\/wp-content\/uploads\/2025\/02\/mur-rue-du-bourdon-noir-gauche-bondinet-1-1513x1536.png 1513w, https:\/\/wp.ecole-ndlc.be\/wp-content\/uploads\/2025\/02\/mur-rue-du-bourdon-noir-gauche-bondinet-1.png 1608w\" sizes=\"auto, (max-width: 1009px) 100vw, 1009px\" \/><\/figure>\n<\/div>\n\n\n<p>C\u2019est avec une grande joie et beaucoup d\u2019enthousiasme que nous vous accueillons pour cette nouvelle ann\u00e9e scolaire ! L\u2019\u00e9cole a mis les petits plats dans les grands pour vous offrir un cadre toujours plus agr\u00e9able et stimulant.<\/p>\n\n\n\n<p><strong>C\u00f4t\u00e9 nouveaut\u00e9s :<\/strong> Deux classes maternelles (Accueil\/M1) ont \u00e9t\u00e9 enti\u00e8rement repeintes. Deux nouveaux tableaux ont fait l\u2019apparition dans deux nouvelles classes de P1\/P2 &nbsp;pour le plus grand plaisir de nos petits. De plus, Mme S\u00e9verine aura bient\u00f4t la chance de b\u00e9n\u00e9ficier d\u2019un nouveau tableau interactif, une belle avanc\u00e9e pour dynamiser les apprentissages !<\/p>\n\n\n\n<p><strong>En maternelle :<\/strong> Nos cinq classes seront anim\u00e9es par Mme C\u00e9cile, Mme Aurore, Mme Laurie, Mme V\u00e9ronique et Mme Fabienne. Mme Lisa interviendra pour les s\u00e9ances de psychomotricit\u00e9 et le renforcement du fran\u00e7ais pour certains \u00e9l\u00e8ves, afin d\u2019accompagner au mieux chaque enfant dans son d\u00e9veloppement. De plus, Mme Vanessa, notre souriante pu\u00e9ricultrice, aidera tous les \u00e9l\u00e8ves d&rsquo;Accueil\/M1 \u00e0 bien grandir.<\/p>\n\n\n\n<p><strong>En P1\/P2 :<\/strong> Quatre classes accueilleront vos enfants, avec une belle nouveaut\u00e9 : M. Nicolas rejoint notre \u00e9quipe ! Il sera entour\u00e9 de Mmes Marie, Isabelle et S\u00e9verine, tandis que Mme Pascale D. continuera \u00e0 apporter son soutien pr\u00e9cieux \u00e0 tous les \u00e9l\u00e8ves du cycle.<\/p>\n\n\n\n<p><strong>En P3\/P4 :<\/strong> Trois classes seront encadr\u00e9es par une nouvelle enseignante, Mme Pauline, aux c\u00f4t\u00e9s de Mmes Laura et Julie D. Un trio motiv\u00e9 pour guider les \u00e9l\u00e8ves dans leurs d\u00e9couvertes et leurs apprentissages.<\/p>\n\n\n\n<p><strong>N. Salmon<\/strong><\/p>\n\n\n\n<p><strong>En P5\/P6 :<\/strong> Les trois classes seront anim\u00e9es par M. Thomas, Mme Julie G. et Mme C\u00e9line, toujours aussi investis pour pr\u00e9parer les plus grands \u00e0 la suite de leur parcours scolaire.<\/p>\n\n\n\n<p><strong>Autres bonnes nouvelles :<\/strong> Mme Pascale W. poursuivra son accompagnement des \u00e9l\u00e8ves Daspa, tandis que Mme France proposera, comme chaque ann\u00e9e, les cours de gymnastique et de piscine. Juf St\u00e9phanie, quant \u00e0 elle, dispensera avec enthousiasme les cours de n\u00e9erlandais. Mme Fabienne \u00e9paulera les plus petits de l\u2019\u00e9cole en n\u00e9erlandais. Et Mme Lisa revient dans l&rsquo;\u00e9quipe pour apporter son soutien en P3-P6 pour des petits groupes, de la religion et le cours d&rsquo;\u00e9veil scientifique<\/p>\n\n\n\n<p><strong>La \u00ab dream team \u00bb des accueillants :<\/strong> Mme Fatiha, Mme Elodie, Mme Sophie, Mme Val\u00e9rie et M. Sasha seront toujours l\u00e0 pour accueillir vos enfants avec le sourire chaque matin et chaque soir.<\/p>\n\n\n\n<p><strong>Et ce n\u2019est pas tout !<\/strong> La biblioth\u00e8que scolaire reste accessible gratuitement \u00e0 tous les \u00e9l\u00e8ves, pour le plaisir de la lecture et de la d\u00e9couverte. Les informations pratiques vous seront communiqu\u00e9es lors de la derni\u00e8re semaine du mois d\u2019ao\u00fbt.<\/p>\n\n\n\n<p><strong>De nouveaux projets verront le jour :<\/strong> Le potager de l\u2019\u00e9cole continuera de pousser et de nous \u00e9merveiller, et la cellule bien-\u00eatre sera toujours active pour veiller au bonheur et \u00e0 l\u2019\u00e9panouissement de chacun.<\/p>\n\n\n\n<p>Mmes V\u00e9ronique et Catherine, le duo de choc du secr\u00e9tariat, seront \u00e0 votre \u00e9coute tous les jours de 8h \u00e0 16h30.<\/p>\n\n\n\n<p>Nous sommes heureux et ravis de retrouver tous les \u00e9l\u00e8ves, et impatients de partager ensemble une ann\u00e9e riche en apprentissages, en d\u00e9couvertes et en moments complices.<\/p>\n\n\n\n<p>Pour de plus amples renseignements et une demande d\u2019inscription, nous vous proposons de prendre rendez-vous au 02\/376.19.70 afin de fixer une visite de l\u2019\u00e9cole.<\/p>\n\n\n\n<p>\u00c0 tr\u00e8s vite pour cette nouvelle aventure scolaire !<\/p>\n\n\n\n<p><strong>Pour l\u2019\u00e9quipe \u00e9ducative,<\/strong><\/p>\n\n\n\n<p class=\"has-regular-font-size\" id=\"block-c5b287e1-891a-4b72-8f91-a16aef6dbbd7\"><strong>Directeur<\/strong><\/p>\n","protected":false},"excerpt":{"rendered":"<p>Cette ann\u00e9e, en 2025-2026 C\u2019est avec une grande joie et beaucoup d\u2019enthousiasme que nous vous [&hellip;]<\/p>\n","protected":false},"author":2,"featured_media":0,"comment_status":"open","ping_status":"open","sticky":false,"template":"","format":"standard","meta":{"footnotes":""},"categories":[1],"tags":[],"class_list":["post-55","post","type-post","status-publish","format-standard","hentry","category-non-classe"],"_links":{"self":[{"href":"https:\/\/wp.ecole-ndlc.be\/index.php\/wp-json\/wp\/v2\/posts\/55","targetHints":{"allow":["GET"]}}],"collection":[{"href":"https:\/\/wp.ecole-ndlc.be\/index.php\/wp-json\/wp\/v2\/posts"}],"about":[{"href":"https:\/\/wp.ecole-ndlc.be\/index.php\/wp-json\/wp\/v2\/types\/post"}],"author":[{"embeddable":true,"href":"https:\/\/wp.ecole-ndlc.be\/index.php\/wp-json\/wp\/v2\/users\/2"}],"replies":[{"embeddable":true,"href":"https:\/\/wp.ecole-ndlc.be\/index.php\/wp-json\/wp\/v2\/comments?post=55"}],"version-history":[{"count":2,"href":"https:\/\/wp.ecole-ndlc.be\/index.php\/wp-json\/wp\/v2\/posts\/55\/revisions"}],"predecessor-version":[{"id":775,"href":"https:\/\/wp.ecole-ndlc.be\/index.php\/wp-json\/wp\/v2\/posts\/55\/revisions\/775"}],"wp:attachment":[{"href":"https:\/\/wp.ecole-ndlc.be\/index.php\/wp-json\/wp\/v2\/media?parent=55"}],"wp:term":[{"taxonomy":"category","embeddable":true,"href":"https:\/\/wp.ecole-ndlc.be\/index.php\/wp-json\/wp\/v2\/categories?post=55"},{"taxonomy":"post_tag","embeddable":true,"href":"https:\/\/wp.ecole-ndlc.be\/index.php\/wp-json\/wp\/v2\/tags?post=55"}],"curies":[{"name":"wp","href":"https:\/\/api.w.org\/{rel}","templated":true}]}}