{"id":470,"date":"2025-08-28T21:57:10","date_gmt":"2025-08-28T19:57:10","guid":{"rendered":"https:\/\/wp.ecole-ndlc.be\/?p=470"},"modified":"2025-12-03T22:08:02","modified_gmt":"2025-12-03T21:08:02","slug":"newsletters","status":"publish","type":"post","link":"https:\/\/wp.ecole-ndlc.be\/index.php\/2025\/08\/28\/newsletters\/","title":{"rendered":"Newsletters"},"content":{"rendered":"\n<p class=\"has-text-align-center has-blue-color has-text-color has-link-color has-larger-font-size wp-elements-0ae35dac8da640ff1769a48f01296c38\" style=\"font-style:normal;font-weight:300\">\ud83c\udf1f&nbsp;<strong>Newsletter de l\u2019\u00c9cole Fondamentale NDLC<\/strong>&nbsp;\ud83c\udf1f<\/p>\n\n\n\n<figure class=\"wp-block-image size-full is-resized\"><img loading=\"lazy\" decoding=\"async\" width=\"602\" height=\"181\" src=\"https:\/\/wp.ecole-ndlc.be\/wp-content\/uploads\/2025\/08\/image.jpg\" alt=\"\" class=\"wp-image-712\" style=\"width:915px;height:auto\" srcset=\"https:\/\/wp.ecole-ndlc.be\/wp-content\/uploads\/2025\/08\/image.jpg 602w, https:\/\/wp.ecole-ndlc.be\/wp-content\/uploads\/2025\/08\/image-300x90.jpg 300w\" sizes=\"auto, (max-width: 602px) 100vw, 602px\" \/><\/figure>\n\n\n\n<p>En cette p\u00e9riode magique de l\u2019ann\u00e9e, l\u2019\u00e9quipe \u00e9ducative est ravie de vous partager les belles activit\u00e9s qui rythmeront ce dernier mois de l\u2019ann\u00e9e civile pour nos petits \u00e9coliers.&nbsp;<\/p>\n\n\n\n<p>Entre d\u00e9couvertes, sensibilisation et moments festifs, d\u00e9cembre s\u2019annonce riche en \u00e9motions et en apprentissages<\/p>\n\n\n\n<p>Bon\u2026 niveau mise en page, on n\u2019est pas tout \u00e0 fait au sommet de l\u2019art graphique. Sur GSM, \u00e7a passe cr\u00e8me, mais d\u00e8s qu\u2019on ouvre \u00e7a sur un ordinateur\u2026 disons qu\u2019il nous reste quelques super-pouvoirs \u00e0 d\u00e9bloquer. Merci donc de ne pas nous en tenir rigueur : on progresse, promis !&nbsp;<\/p>\n\n\n\n<h4 class=\"wp-block-heading has-pink-background-color has-background has-regular-font-size\"><strong>\ud83c\udf0dEnsemble pour la plan\u00e8te : Semaine \u00ab z\u00e9ro d\u00e9chet \u00bb<\/strong><\/h4>\n\n\n\n<div class=\"wp-block-media-text has-media-on-the-right is-stacked-on-mobile\"><div class=\"wp-block-media-text__content\">\n<p>Du <strong>1er au 5 d\u00e9cembre<\/strong>, notre \u00e9cole participera \u00e0 la semaine \u00ab z\u00e9ro d\u00e9chet \u00bb. Les enfants seront invit\u00e9s \u00e0 agir concr\u00e8tement pour r\u00e9duire les emballages, le plastique et le gaspillage alimentaire. Pour nous soutenir, nous vous encourageons \u00e0 <strong>privil\u00e9gier les pique-niques et collations dans des bo\u00eetes r\u00e9utilisables et des gourdes d\u2019eau.\u00a0<\/strong> Merci d\u2019\u00e9viter les collations pr\u00e9emball\u00e9es : chaque petit geste compte pour notre belle plan\u00e8te !<\/p>\n<\/div><figure class=\"wp-block-media-text__media\"><img loading=\"lazy\" decoding=\"async\" width=\"196\" height=\"142\" src=\"https:\/\/wp.ecole-ndlc.be\/wp-content\/uploads\/2025\/08\/Image1.png\" alt=\"\" class=\"wp-image-715 size-full\"\/><\/figure><\/div>\n\n\n\n<h2 class=\"wp-block-heading has-orange-background-color has-background has-regular-font-size\">\ud83c\udf33 <strong>Sorties et d\u00e9couvertes par cycle<\/strong><\/h2>\n\n\n\n<p><strong>Pour les M2\/M3 :<\/strong><\/p>\n\n\n\n<ul class=\"wp-block-list\">\n<li><strong>Mercredi 11 d\u00e9cembre<\/strong> : Journ\u00e9e au bois, pour une immersion en pleine nature.<\/li>\n<\/ul>\n\n\n\n<p><strong>Pour les P1\/P2 :<\/strong><\/p>\n\n\n\n<ul class=\"wp-block-list\">\n<li><strong>Mercredi 10 d\u00e9cembre<\/strong> : Sortie au bois et d\u00e9couverte de la faune et de la flore.<\/li>\n\n\n\n<li><strong>Vendredi 12 d\u00e9cembre<\/strong> : Atelier <strong>Cap Sciences<\/strong> sur le th\u00e8me de l\u2019oreille.<\/li>\n\n\n\n<li><strong>Vendredi 19 d\u00e9cembre<\/strong> : F\u00eate de cycle pour clore l\u2019ann\u00e9e en beaut\u00e9 !<\/li>\n<\/ul>\n\n\n\n<p><strong>Pour les P5\/P6 :<\/strong><\/p>\n\n\n\n<ul class=\"wp-block-list\">\n<li><strong>Lundi 1er d\u00e9cembre<\/strong> : Atelier <strong>Cap Sciences<\/strong> sur les m\u00e9langes homog\u00e8nes et h\u00e9t\u00e9rog\u00e8nes.<\/li>\n\n\n\n<li><\/li>\n<\/ul>\n\n\n\n<h3 class=\"wp-block-heading has-background has-regular-font-size\" style=\"background-color:#fcc44c\"><strong>\u2728 Moments magiques et festifs<\/strong><\/h3>\n\n\n\n<ul class=\"wp-block-list\">\n<li><strong>Lundi 5 d\u00e9cembre<\/strong> : La visite du <strong>grand Saint<\/strong> promet des \u00e9toiles dans les yeux de nos petits<\/li>\n\n\n\n<li>Jeudi 18 d\u00e9cembre :&nbsp; Petit d\u00e9jeuner \u2728 <strong>\u00ab R\u00e9veillez vos papilles et votre bonne humeur : r\u00e9servez votre place pour notre d\u00e9licieux petit d\u00e9jeuner avant le 8 d\u00e9cembre ! \u00bb<\/strong>\ud83d\udc49 <a href=\"https:\/\/wp.ecole-ndlc.be\/index.php\/2025\/09\/09\/petit-dejeuner-du-23-septembre-2025\/\">Toutes les infos &amp; r\u00e9servation pour le petit d\u00e9jeuner du 23 septembre 2025<\/a>&nbsp;<\/li>\n\n\n\n<li><strong>Vendredi 19 d\u00e9cembre<\/strong> : <strong>Journ\u00e9e pull de No\u00ebl<\/strong> pour notre derni\u00e8re r\u00e9union mosa\u00efque de l\u2019ann\u00e9e, sp\u00e9cial\u2028<br>\u00ab Veill\u00e9e de No\u00ebl \u00bb. Un pull \u00ab sympa \u00bb (pas besoin d\u2019acheter !) suffira \u00e0 nous mettre dans l\u2019ambiance festive.<\/li>\n<\/ul>\n\n\n\n<h2 class=\"wp-block-heading has-green-background-color has-background has-regular-font-size\"><strong>\ud83d\udc51 <strong>\u00ab Qui sera le roi ou la reine en 2026 ?<\/strong><\/strong><\/h2>\n\n\n\n<p>\ud83d\udc51 <strong>\u00ab Le go\u00fbter galette des rois d\u00e9barque bient\u00f4t ! Toutes les infos arriveront ici dans quelques jours :<\/strong>\u2028<br>\u00a0\ud83d\udc49 <a href=\"http:\/\/urlr.me\/Q4pcVz\">urlr.me\/Q4pcVz <\/a>\u00a0\u00a0\u00a0\u00a0<strong>En attendant\u2026 bloquez le 8 janvier ! \ud83d\udc51\u2728<\/strong><\/p>\n\n\n\n<h2 class=\"wp-block-heading has-background has-regular-font-size\" style=\"background-color:#6baee5\"><strong>\u2728 Conf\u00e9rence : 15 outils pour faire ses devoirs dans la bonne humeur !\u00a0<\/strong><\/h2>\n\n\n\n<p>L&rsquo;association des parents de l&rsquo;\u00e9cole Notre Dame de la Consolation vous invite \u00e0 :<\/p>\n\n\n\n<p>\ud83c\udf92\u2728 <strong>Conf\u00e9rence : 15 outils pour faire ses devoirs dans la bonne humeur ! <\/strong>par <em>Valentine Anciaux<\/em><\/p>\n\n\n\n<figure class=\"wp-block-table\"><table class=\"has-fixed-layout\"><tbody><tr><td><strong><em>\u00ab\u00a0Pfff j\u2019ai pas envie, c\u2019est trop dur, on peut jamais jouer, j\u2019en ai marre\u2026\u00a0\u00bb<\/em><\/strong> Les devoirs qui tournent au conflit\u2026 les soir\u00e9es qui s\u2019\u00e9ternisent\u2026 les \u00e9motions qui d\u00e9bordent\u2026 Et si on changeait de strat\u00e9gie ?\u2028<br>\u2028<br>Lors de cette conf\u00e9rence ludique, Valentine Anciaux vous partage 15 outils qui vont vous permettre de motiver vos enfants\/ados, de renforcer leur sentiment de comp\u00e9tence et d\u2019apprendre en s\u2019amusant. Des petits trucs qui leur seront utiles toute leur vie.<\/td><td><img loading=\"lazy\" decoding=\"async\" width=\"191\" height=\"270\" src=\"blob:https:\/\/wp.ecole-ndlc.be\/cc8b323c-635f-4984-a115-8e6743891a96\" alt=\"01ccc9abf492ae755ac5e24fecab8b0f.png\"> &nbsp;<\/td><\/tr><\/tbody><\/table><\/figure>\n\n\n\n<p>\ud83d\udcc5 <strong>Mardi 20 Janvier 2026<\/strong><\/p>\n\n\n\n<p>\u23f0 <strong>20h<\/strong><\/p>\n\n\n\n<p>\ud83d\udccd <strong>Ecole Notre Dame de la consolation, <\/strong>rue du Bourdon 27, 1180 Uccle<\/p>\n\n\n\n<p>\u2139\ufe0f <a href=\"mailto:parents@ecole-ndlc.be\">parents@ecole-ndlc.be<\/a><\/p>\n\n\n\n<p>Cette rencontre vous donnera un nouveau regard (et de vrais outils !) pour accompagner les enfants avec bienveillance et efficacit\u00e9.<\/p>\n\n\n\n<p>\u2728 On apprend mieux quand on se sent bien. Venez d\u00e9couvrir comment y arriver ensemble !<\/p>\n\n\n\n<p>N\u2019h\u00e9sitez pas \u00e0 partager l\u2019info autour de vous. La conf\u00e9rence est ouverte \u00e0 toutes et \u00e0 tous.<\/p>\n\n\n\n<h2 class=\"wp-block-heading has-background has-regular-font-size\" style=\"background-color:#2bc4a5\"><strong>\ud83c\udf84 Un mot pour finir\u2026<\/strong><\/h2>\n\n\n\n<p>Toute l\u2019\u00e9quipe \u00e9ducative vous souhaite de joyeuses f\u00eates de fin d\u2019ann\u00e9e, remplies de douceur, de rires et de moments pr\u00e9cieux en famille. Merci pour votre confiance et votre engagement au quotidien \u00e0 nos c\u00f4t\u00e9s.<\/p>\n\n\n\n<p>N\u2019h\u00e9sitez pas \u00e0 nous faire part de vos questions ou id\u00e9es : nous sommes toujours ravis d\u2019\u00e9changer avec vous !<\/p>\n\n\n\n<p>Avec toute notre bienveillance,<\/p>\n\n\n\n<p>&nbsp;L\u2019\u00e9quipe \u00e9ducative<\/p>\n\n\n\n<p><\/p>\n\n\n\n<div class=\"wp-block-buttons is-layout-flex wp-block-buttons-is-layout-flex\">\n<div class=\"wp-block-button\"><a class=\"wp-block-button__link wp-element-button\" href=\"https:\/\/wp.ecole-ndlc.be\/index.php\/les-repas-chauds\/\">les menus de d\u00e9cembre <\/a><\/div>\n<\/div>\n\n\n\n<h2 class=\"wp-block-heading has-blue-color has-text-color has-link-color wp-elements-971896b5ced7723eaa9a6fab1c32be87\">Archives<\/h2>\n\n\n\n<div data-wp-interactive=\"core\/file\" class=\"wp-block-file\"><object data-wp-bind--hidden=\"!state.hasPdfPreview\" hidden class=\"wp-block-file__embed\" data=\"https:\/\/wp.ecole-ndlc.be\/wp-content\/uploads\/2025\/08\/Newsletter-decembre.pdf\" type=\"application\/pdf\" style=\"width:100%;height:600px\" aria-label=\"Contenu embarqu\u00e9 Newsletter d\u00e9cembre.\"><\/object><a id=\"wp-block-file--media-b4425d7f-5700-4e54-96c0-a3439b8d1d73\" href=\"https:\/\/wp.ecole-ndlc.be\/wp-content\/uploads\/2025\/08\/Newsletter-decembre.pdf\">Newsletter d\u00e9cembre<\/a><a href=\"https:\/\/wp.ecole-ndlc.be\/wp-content\/uploads\/2025\/08\/Newsletter-decembre.pdf\" class=\"wp-block-file__button wp-element-button\" download aria-describedby=\"wp-block-file--media-b4425d7f-5700-4e54-96c0-a3439b8d1d73\">T\u00e9l\u00e9charger<\/a><\/div>\n\n\n\n<div class=\"wp-block-group\"><div class=\"wp-block-group__inner-container is-layout-constrained wp-block-group-is-layout-constrained\">\n<div data-wp-interactive=\"core\/file\" class=\"wp-block-file\"><object data-wp-bind--hidden=\"!state.hasPdfPreview\" hidden class=\"wp-block-file__embed\" data=\"https:\/\/wp.ecole-ndlc.be\/wp-content\/uploads\/2025\/08\/Newsletter-Octobre-2025.pdf\" type=\"application\/pdf\" style=\"width:100%;height:600px\" aria-label=\"Contenu embarqu\u00e9 Newsletter Octobre 2025.\"><\/object><a id=\"wp-block-file--media-270a5945-03f1-4bfa-9e8d-a399b8d1775b\" href=\"https:\/\/wp.ecole-ndlc.be\/wp-content\/uploads\/2025\/08\/Newsletter-Octobre-2025.pdf\">Newsletter Octobre 2025<\/a><a href=\"https:\/\/wp.ecole-ndlc.be\/wp-content\/uploads\/2025\/08\/Newsletter-Octobre-2025.pdf\" class=\"wp-block-file__button wp-element-button\" download aria-describedby=\"wp-block-file--media-270a5945-03f1-4bfa-9e8d-a399b8d1775b\">T\u00e9l\u00e9charger<\/a><\/div>\n<\/div><\/div>\n\n\n\n<div data-wp-interactive=\"core\/file\" class=\"wp-block-file\"><object data-wp-bind--hidden=\"!state.hasPdfPreview\" hidden class=\"wp-block-file__embed\" data=\"https:\/\/wp.ecole-ndlc.be\/wp-content\/uploads\/2025\/08\/Newsletter-NDLC-septembre-2025.pdf\" type=\"application\/pdf\" style=\"width:100%;height:600px\" aria-label=\"Contenu embarqu\u00e9 Newsletter NDLC septembre 2025.\"><\/object><a id=\"wp-block-file--media-211ef0f6-8a24-4778-aa39-c7230ac11ae8\" href=\"https:\/\/wp.ecole-ndlc.be\/wp-content\/uploads\/2025\/08\/Newsletter-NDLC-septembre-2025.pdf\">Newsletter NDLC septembre 2025<\/a><a href=\"https:\/\/wp.ecole-ndlc.be\/wp-content\/uploads\/2025\/08\/Newsletter-NDLC-septembre-2025.pdf\" class=\"wp-block-file__button wp-element-button\" download aria-describedby=\"wp-block-file--media-211ef0f6-8a24-4778-aa39-c7230ac11ae8\">T\u00e9l\u00e9charger<\/a><\/div>\n\n\n\n<p><\/p>\n","protected":false},"excerpt":{"rendered":"<p>\ud83c\udf1f&nbsp;Newsletter de l\u2019\u00c9cole Fondamentale NDLC&nbsp;\ud83c\udf1f En cette p\u00e9riode magique de l\u2019ann\u00e9e, l\u2019\u00e9quipe \u00e9ducative est ravie [&hellip;]<\/p>\n","protected":false},"author":2,"featured_media":0,"comment_status":"open","ping_status":"open","sticky":false,"template":"","format":"standard","meta":{"footnotes":""},"categories":[8],"tags":[],"class_list":["post-470","post","type-post","status-publish","format-standard","hentry","category-news"],"_links":{"self":[{"href":"https:\/\/wp.ecole-ndlc.be\/index.php\/wp-json\/wp\/v2\/posts\/470","targetHints":{"allow":["GET"]}}],"collection":[{"href":"https:\/\/wp.ecole-ndlc.be\/index.php\/wp-json\/wp\/v2\/posts"}],"about":[{"href":"https:\/\/wp.ecole-ndlc.be\/index.php\/wp-json\/wp\/v2\/types\/post"}],"author":[{"embeddable":true,"href":"https:\/\/wp.ecole-ndlc.be\/index.php\/wp-json\/wp\/v2\/users\/2"}],"replies":[{"embeddable":true,"href":"https:\/\/wp.ecole-ndlc.be\/index.php\/wp-json\/wp\/v2\/comments?post=470"}],"version-history":[{"count":13,"href":"https:\/\/wp.ecole-ndlc.be\/index.php\/wp-json\/wp\/v2\/posts\/470\/revisions"}],"predecessor-version":[{"id":717,"href":"https:\/\/wp.ecole-ndlc.be\/index.php\/wp-json\/wp\/v2\/posts\/470\/revisions\/717"}],"wp:attachment":[{"href":"https:\/\/wp.ecole-ndlc.be\/index.php\/wp-json\/wp\/v2\/media?parent=470"}],"wp:term":[{"taxonomy":"category","embeddable":true,"href":"https:\/\/wp.ecole-ndlc.be\/index.php\/wp-json\/wp\/v2\/categories?post=470"},{"taxonomy":"post_tag","embeddable":true,"href":"https:\/\/wp.ecole-ndlc.be\/index.php\/wp-json\/wp\/v2\/tags?post=470"}],"curies":[{"name":"wp","href":"https:\/\/api.w.org\/{rel}","templated":true}]}}