{"id":411,"date":"2025-08-28T20:37:29","date_gmt":"2025-08-28T18:37:29","guid":{"rendered":"https:\/\/wp.ecole-ndlc.be\/?p=411"},"modified":"2025-08-28T21:38:06","modified_gmt":"2025-08-28T19:38:06","slug":"nos-projets-creatifs","status":"publish","type":"post","link":"https:\/\/wp.ecole-ndlc.be\/index.php\/2025\/08\/28\/nos-projets-creatifs\/","title":{"rendered":"Nos projets cr\u00e9atifs"},"content":{"rendered":"\n<p class=\"has-blue-color has-text-color has-link-color has-regular-font-size wp-elements-5e15a319b0c18b5329b8b200e27037a5\" style=\"font-style:normal;font-weight:100\">Dans le cadre de nos efforts pour encourager la cr\u00e9ativit\u00e9 et renforcer les comp\u00e9tences en communication, nous avons mis en place une activit\u00e9 innovante et stimulante pour nos \u00e9l\u00e8ves de 5e et 6e primaire : la <strong>pr\u00e9sentation de projets cr\u00e9atifs<\/strong>.<\/p>\n\n\n\n<p>Cette activit\u00e9, qui se d\u00e9roule sur plusieurs \u00e9tapes, permet \u00e0 chaque \u00e9l\u00e8ve de d\u00e9velopper son imagination et d&rsquo;explorer de nouvelles formes d&rsquo;expression tout en am\u00e9liorant ses capacit\u00e9s \u00e0 communiquer devant un public. Pendant une p\u00e9riode de cong\u00e9, les \u00e9l\u00e8ves sont invit\u00e9s \u00e0 travailler sur un projet cr\u00e9atif de leur choix \u00e0 la maison. L\u2019objectif est de leur donner la libert\u00e9 de s\u2019exprimer et de cr\u00e9er un projet unique, qu\u2019il soit visuel, \u00e9crit ou multim\u00e9dia.<\/p>\n\n\n\n<p>Les projets peuvent prendre diverses formes : cr\u00e9ations artistiques (affiches, maquettes), vid\u00e9os, po\u00e8mes, chansons, ou encore diaporamas interactifs. Une fois de retour en classe, chaque \u00e9l\u00e8ve pr\u00e9sente son travail devant ses camarades, expliquant sa d\u00e9marche cr\u00e9ative et les choix effectu\u00e9s tout au long du processus. Les \u00e9l\u00e8ves sont encourag\u00e9s \u00e0 \u00e9couter attentivement et \u00e0 donner des retours constructifs \u00e0 leurs camarades, contribuant ainsi \u00e0 un environnement d\u2019\u00e9change et d\u2019apprentissage mutuel.<\/p>\n\n\n\n<p>Les bienfaits de cette activit\u00e9 sont multiples. D\u2019une part, elle permet aux \u00e9l\u00e8ves d\u2019am\u00e9liorer leur confiance en eux en prenant la parole en public. D\u2019autre part, elle favorise l\u2019esprit critique et l\u2019\u00e9coute active, car chaque pr\u00e9sentation est suivie d\u2019une session de questions et de suggestions constructives. C\u2019est \u00e9galement une occasion de c\u00e9l\u00e9brer la diversit\u00e9 des talents et des id\u00e9es au sein de la classe, tout en encourageant un travail autonome et cr\u00e9atif.<\/p>\n\n\n<div class=\"wp-block-image\">\n<figure class=\"alignleft size-large is-resized\"><img loading=\"lazy\" decoding=\"async\" width=\"1024\" height=\"576\" src=\"https:\/\/wp.ecole-ndlc.be\/wp-content\/uploads\/2025\/08\/480677122_948542614092143_4214758775725048023_n-2-1024x576.jpg\" alt=\"\" class=\"wp-image-423\" style=\"width:198px;height:auto\" srcset=\"https:\/\/wp.ecole-ndlc.be\/wp-content\/uploads\/2025\/08\/480677122_948542614092143_4214758775725048023_n-2-1024x576.jpg 1024w, https:\/\/wp.ecole-ndlc.be\/wp-content\/uploads\/2025\/08\/480677122_948542614092143_4214758775725048023_n-2-300x169.jpg 300w, https:\/\/wp.ecole-ndlc.be\/wp-content\/uploads\/2025\/08\/480677122_948542614092143_4214758775725048023_n-2-768x432.jpg 768w, https:\/\/wp.ecole-ndlc.be\/wp-content\/uploads\/2025\/08\/480677122_948542614092143_4214758775725048023_n-2-1536x864.jpg 1536w, https:\/\/wp.ecole-ndlc.be\/wp-content\/uploads\/2025\/08\/480677122_948542614092143_4214758775725048023_n-2.jpg 2048w\" sizes=\"auto, (max-width: 1024px) 100vw, 1024px\" \/><\/figure>\n<\/div>\n\n\n<p>Cette activit\u00e9 s\u2019inscrit parfaitement dans notre d\u00e9marche p\u00e9dagogique, qui vise \u00e0 offrir aux \u00e9l\u00e8ves des exp\u00e9riences d\u2019apprentissage riches et vari\u00e9es. Elle contribue \u00e0 la fois \u00e0 leur d\u00e9veloppement personnel, \u00e0 leur expression artistique et \u00e0 leur capacit\u00e9 \u00e0 collaborer et \u00e0 communiquer.<\/p>\n\n\n\n<p><\/p>\n\n\n\n<p><\/p>\n\n\n\n<p>Nous sommes impatients de d\u00e9couvrir les projets cr\u00e9atifs de nos \u00e9l\u00e8ves et de les voir grandir \u00e0 travers cette exp\u00e9rience enrichissante !<\/p>\n\n\n\n<p><\/p>\n","protected":false},"excerpt":{"rendered":"<p>Dans le cadre de nos efforts pour encourager la cr\u00e9ativit\u00e9 et renforcer les comp\u00e9tences en [&hellip;]<\/p>\n","protected":false},"author":2,"featured_media":0,"comment_status":"open","ping_status":"open","sticky":false,"template":"","format":"standard","meta":{"footnotes":""},"categories":[9],"tags":[],"class_list":["post-411","post","type-post","status-publish","format-standard","hentry","category-classes"],"_links":{"self":[{"href":"https:\/\/wp.ecole-ndlc.be\/index.php\/wp-json\/wp\/v2\/posts\/411","targetHints":{"allow":["GET"]}}],"collection":[{"href":"https:\/\/wp.ecole-ndlc.be\/index.php\/wp-json\/wp\/v2\/posts"}],"about":[{"href":"https:\/\/wp.ecole-ndlc.be\/index.php\/wp-json\/wp\/v2\/types\/post"}],"author":[{"embeddable":true,"href":"https:\/\/wp.ecole-ndlc.be\/index.php\/wp-json\/wp\/v2\/users\/2"}],"replies":[{"embeddable":true,"href":"https:\/\/wp.ecole-ndlc.be\/index.php\/wp-json\/wp\/v2\/comments?post=411"}],"version-history":[{"count":4,"href":"https:\/\/wp.ecole-ndlc.be\/index.php\/wp-json\/wp\/v2\/posts\/411\/revisions"}],"predecessor-version":[{"id":426,"href":"https:\/\/wp.ecole-ndlc.be\/index.php\/wp-json\/wp\/v2\/posts\/411\/revisions\/426"}],"wp:attachment":[{"href":"https:\/\/wp.ecole-ndlc.be\/index.php\/wp-json\/wp\/v2\/media?parent=411"}],"wp:term":[{"taxonomy":"category","embeddable":true,"href":"https:\/\/wp.ecole-ndlc.be\/index.php\/wp-json\/wp\/v2\/categories?post=411"},{"taxonomy":"post_tag","embeddable":true,"href":"https:\/\/wp.ecole-ndlc.be\/index.php\/wp-json\/wp\/v2\/tags?post=411"}],"curies":[{"name":"wp","href":"https:\/\/api.w.org\/{rel}","templated":true}]}}