{"id":406,"date":"2025-08-28T20:18:14","date_gmt":"2025-08-28T18:18:14","guid":{"rendered":"https:\/\/wp.ecole-ndlc.be\/?p=406"},"modified":"2025-11-02T18:08:11","modified_gmt":"2025-11-02T17:08:11","slug":"les-classes-de-neige","status":"publish","type":"post","link":"https:\/\/wp.ecole-ndlc.be\/index.php\/2025\/08\/28\/les-classes-de-neige\/","title":{"rendered":"Les classes de neige"},"content":{"rendered":"\n<figure class=\"wp-block-image\" id=\"block-298b16f3-4d20-4078-a729-64405160ce32\"><img decoding=\"async\" src=\"https:\/\/wp.ecole-ndlc.be\/wp-content\/uploads\/2025\/02\/IMG_5205-1024x345.jpg\" alt=\"L\u2019attribut alt de cette image est vide, son nom de fichier est IMG_5205-1024x345.jpg.\"\/><\/figure>\n\n\n\n<p class=\"has-red-color has-text-color has-link-color has-larger-font-size wp-elements-9789baa67788d9596f096c98c8e5ce60\" id=\"block-05f0e858-830f-4c25-b0c7-19cf4448246e\" style=\"font-style:normal;font-weight:100\">D\u00e9couvrez une aventure inoubliable au c\u0153ur des montagnes ! Tous les deux ans, notre \u00e9cole organise des classes de neige pour les \u00e9l\u00e8ves de 5\u00e8me et de 6\u00e8me ann\u00e9e, leur offrant une exp\u00e9rience unique m\u00ealant apprentissage, sport et nature.<\/p>\n\n\n\n<p class=\"has-blue-color has-text-color has-link-color has-regular-font-size wp-elements-911cbe8e92494b9618bb92216c47dd11\" id=\"block-ac13b907-2e0e-4cd6-8535-7a4d518cb003\" style=\"font-style:normal;font-weight:100\"><strong>Pourquoi participer aux Classes de Neige ?<\/strong><\/p>\n\n\n\n<ul id=\"block-f5c7d1b3-f1c9-4961-9bd5-5292f2c1eec1\" class=\"wp-block-list\">\n<li><strong>Une immersion en pleine nature<\/strong> : Les \u00e9l\u00e8ves d\u00e9couvrent la beaut\u00e9 des paysages enneig\u00e9s et apprennent \u00e0 respecter l\u2019environnement montagnard.<\/li>\n\n\n\n<li><strong>Des activit\u00e9s vari\u00e9es<\/strong> : Ski, luge, randonn\u00e9e en raquettes, construction d\u2019igloos et bien d\u2019autres aventures attendent nos jeunes explorateurs.<\/li>\n\n\n\n<li><strong>Un cadre \u00e9ducatif enrichissant<\/strong> : En parall\u00e8le des activit\u00e9s sportives, des cours th\u00e9matiques sur la montagne, la m\u00e9t\u00e9o et la faune locale sont propos\u00e9s.<\/li>\n\n\n\n<li><strong>Un moment de partage et de convivialit\u00e9<\/strong> : La vie en groupe permet aux \u00e9l\u00e8ves de d\u00e9velopper leur autonomie, leur esprit d\u2019\u00e9quipe et de cr\u00e9er des souvenirs imp\u00e9rissables.<\/li>\n<\/ul>\n\n\n\n<p id=\"block-25900756-631b-478b-bb94-490defe744e9\"><strong>Informations pratiques<\/strong><\/p>\n\n\n\n<ul id=\"block-50044a58-847d-42c2-ae8d-d1eff3185b68\" class=\"wp-block-list\">\n<li><strong>P\u00e9riode du s\u00e9jour<\/strong> : hiver 2027<\/li>\n\n\n\n<li><strong>Lieu<\/strong> : Suisse, dans le Val d&rsquo;Anniviers au Val d&rsquo;Uccle<\/li>\n\n\n\n<li><strong>Encadrement<\/strong> : Enseignants et moniteurs dipl\u00f4m\u00e9s assurent la s\u00e9curit\u00e9 et le bon d\u00e9roulement des activit\u00e9s.<\/li>\n<\/ul>\n\n\n\n<p id=\"block-b78a7f46-1dba-4eb7-8659-af24a1478a9a\">Rejoignez-nous pour une exp\u00e9rience hivernale exceptionnelle ! Pour toute question ou inscription, n\u2019h\u00e9sitez pas \u00e0 nous contacter.<\/p>\n\n\n\n<p id=\"block-7e409db0-6034-4a31-97d2-6cfbebe4dd29\">\u00c0 NDLC &#8211; Apprendre, grandir et s\u2019\u00e9panouir\u2026 m\u00eame sous la neige !<\/p>\n\n\n\n<figure class=\"wp-block-image\" id=\"block-77158924-368f-43bd-bb0d-64622fef5cfc\"><img decoding=\"async\" src=\"https:\/\/wp.ecole-ndlc.be\/wp-content\/uploads\/2025\/02\/NDC-au-Val-dUccle-1-1024x687.jpg\" alt=\"L\u2019attribut alt de cette image est vide, son nom de fichier est NDC-au-Val-dUccle-1-1024x687.jpg.\"\/><\/figure>\n\n\n\n<figure class=\"wp-block-image\" id=\"block-cf1bbc2f-e35d-404d-afe7-b5bb3b66a372\"><img decoding=\"async\" src=\"https:\/\/wp.ecole-ndlc.be\/wp-content\/uploads\/2025\/02\/IMG_5214-1024x768.jpg\" alt=\"L\u2019attribut alt de cette image est vide, son nom de fichier est IMG_5214-1024x768.jpg.\"\/><\/figure>\n\n\n\n<p id=\"block-311ea7a1-4747-4480-868a-c34e744e6780\"><\/p>\n\n\n\n<h2 class=\"wp-block-heading has-blue-color has-text-color has-link-color wp-elements-8d4f520f655888773bea19a814441072\">\u00e0 fond la neige pour la Consolation<\/h2>\n\n\n\n<h4 class=\"wp-block-heading has-pink-color has-text-color has-link-color wp-elements-07e87ce744262fca3be5f444d067402e\">Aidez les \u00e9l\u00e8ves de l&rsquo;Ecole Notre Dame de la consolation \u00e0 financer leurs classes de neige. <br>Un petit geste, un grand souvenir !<\/h4>\n\n\n\n<div class=\"wp-block-buttons is-layout-flex wp-block-buttons-is-layout-flex\">\n<div class=\"wp-block-button\"><a class=\"wp-block-button__link wp-element-button\" href=\"https:\/\/wp.ecole-ndlc.be\/index.php\/2025\/11\/02\/vente-de-gaufres\/\">Vente de gaufres<\/a><\/div>\n\n\n\n<div class=\"wp-block-button\"><a class=\"wp-block-button__link wp-element-button\" href=\"https:\/\/wp.ecole-ndlc.be\/index.php\/2025\/11\/02\/souper-raclette-6-02-2026\/\">Souper raclette<\/a><\/div>\n\n\n\n<div class=\"wp-block-button\"><a class=\"wp-block-button__link wp-element-button\" href=\"https:\/\/wp.ecole-ndlc.be\/index.php\/2025\/11\/02\/gouter-des-rois-8-01-2026\/\">Gouter des rois<\/a><\/div>\n<\/div>\n\n\n\n<p><\/p>\n","protected":false},"excerpt":{"rendered":"<p>D\u00e9couvrez une aventure inoubliable au c\u0153ur des montagnes ! Tous les deux ans, notre \u00e9cole [&hellip;]<\/p>\n","protected":false},"author":2,"featured_media":0,"comment_status":"open","ping_status":"open","sticky":false,"template":"","format":"standard","meta":{"footnotes":""},"categories":[1],"tags":[],"class_list":["post-406","post","type-post","status-publish","format-standard","hentry","category-non-classe"],"_links":{"self":[{"href":"https:\/\/wp.ecole-ndlc.be\/index.php\/wp-json\/wp\/v2\/posts\/406","targetHints":{"allow":["GET"]}}],"collection":[{"href":"https:\/\/wp.ecole-ndlc.be\/index.php\/wp-json\/wp\/v2\/posts"}],"about":[{"href":"https:\/\/wp.ecole-ndlc.be\/index.php\/wp-json\/wp\/v2\/types\/post"}],"author":[{"embeddable":true,"href":"https:\/\/wp.ecole-ndlc.be\/index.php\/wp-json\/wp\/v2\/users\/2"}],"replies":[{"embeddable":true,"href":"https:\/\/wp.ecole-ndlc.be\/index.php\/wp-json\/wp\/v2\/comments?post=406"}],"version-history":[{"count":8,"href":"https:\/\/wp.ecole-ndlc.be\/index.php\/wp-json\/wp\/v2\/posts\/406\/revisions"}],"predecessor-version":[{"id":641,"href":"https:\/\/wp.ecole-ndlc.be\/index.php\/wp-json\/wp\/v2\/posts\/406\/revisions\/641"}],"wp:attachment":[{"href":"https:\/\/wp.ecole-ndlc.be\/index.php\/wp-json\/wp\/v2\/media?parent=406"}],"wp:term":[{"taxonomy":"category","embeddable":true,"href":"https:\/\/wp.ecole-ndlc.be\/index.php\/wp-json\/wp\/v2\/categories?post=406"},{"taxonomy":"post_tag","embeddable":true,"href":"https:\/\/wp.ecole-ndlc.be\/index.php\/wp-json\/wp\/v2\/tags?post=406"}],"curies":[{"name":"wp","href":"https:\/\/api.w.org\/{rel}","templated":true}]}}