{"id":205,"date":"2025-02-13T22:46:11","date_gmt":"2025-02-13T21:46:11","guid":{"rendered":"https:\/\/wp.ecole-ndlc.be\/?p=205"},"modified":"2025-08-28T21:15:42","modified_gmt":"2025-08-28T19:15:42","slug":"agenda-2024-2025","status":"publish","type":"post","link":"https:\/\/wp.ecole-ndlc.be\/index.php\/2025\/02\/13\/agenda-2024-2025\/","title":{"rendered":"Agenda 2025 | 2026"},"content":{"rendered":"\n<div class=\"wp-block-buttons is-layout-flex wp-block-buttons-is-layout-flex\">\n<div class=\"wp-block-button\"><a class=\"wp-block-button__link wp-element-button\">Calendrier 2025-2026<\/a><\/div>\n\n\n\n<div class=\"wp-block-button\"><a class=\"wp-block-button__link wp-element-button\" href=\"https:\/\/wp.ecole-ndlc.be\/wp-admin\/post.php?post=207&amp;action=edit\">Rentr\u00e9e scolaire 2025-2026<\/a><\/div>\n\n\n\n<div class=\"wp-block-button\"><a class=\"wp-block-button__link wp-element-button\" href=\"http:\/\/www.enseignement.be\/index.php?page=23953&amp;navi%3D323#Ens_obl_2526\">Calendrier FWB 2025-2026<\/a><\/div>\n<\/div>\n\n\n\n<p>lundi 25 ao\u00fbt 2025&nbsp;: <strong>&nbsp;Rentr\u00e9e scolaire&nbsp;<\/strong><\/p>\n\n\n\n<p>mardi 2 septembre : <strong>R\u00e9union de rentr\u00e9e pour les parents \u00e0 18h30 <\/strong><\/p>\n\n\n\n<p>vendredi 10 octobre 2025 : <strong>Souper des familles <\/strong><\/p>\n\n\n\n<p class=\"has-pink-color has-text-color has-link-color wp-elements-68c558b2e0bb7a82d62af51c8d3dda16\">lundi 20 octobre 2025 au dimanche 2 novembre 2025&nbsp;: <strong>&nbsp;Cong\u00e9 d&rsquo;automne (Toussaint)<\/strong><\/p>\n\n\n\n<p class=\"has-pink-color has-text-color has-link-color wp-elements-80e574cba41d3a77c0aeff422db84725\">mardi 11 novembre 2025&nbsp;: <strong>Jour de l&rsquo;Armistice<\/strong><\/p>\n\n\n\n<p class=\"has-green-color has-text-color has-link-color wp-elements-95a9a34e338f0243fc4fccb433d108f1\">lundi 24 et mardi 25 novembre 2025 : Conf\u00e9rence p\u00e9dagogique<\/p>\n\n\n\n<p class=\"has-pink-color has-text-color has-link-color wp-elements-0ad99c8bca56a85f16f77a0bc2d01663\">lundi 22 d\u00e9cembre 2025 au dimanche 4 janvier 2026<strong>&nbsp;: Vacances d&rsquo;hiver (No\u00ebl)<\/strong><\/p>\n\n\n\n<p class=\"has-grey-color has-text-color has-link-color wp-elements-97d0beabc15efc6ef6f1d0972d7ca5a3\">vendredi 6 f\u00e9vrier 2026 :<strong> Souper raclette <\/strong><\/p>\n\n\n\n<p class=\"has-pink-color has-text-color has-link-color wp-elements-1dab1a7f86ca54fb4f038a3c9962332c\">lundi 16 f\u00e9vrier 2026 au dimanche 1er mars 2026&nbsp;: <strong>Cong\u00e9 de d\u00e9tente (Carnaval)<\/strong><\/p>\n\n\n\n<p class=\"has-grey-color has-text-color has-link-color wp-elements-69acf072b443aaae509a553d2204048c\">mercredi 22 avril 2026 : marche parrain\u00e9e<\/p>\n\n\n\n<p class=\"has-pink-color has-text-color has-link-color wp-elements-b7ca6b81b1e6fc04ebd65405396a7326\">lundi 6 avril 2026&nbsp;: <strong>Lundi de P\u00e2ques<\/strong><\/p>\n\n\n\n<p class=\"has-pink-color has-text-color has-link-color wp-elements-ee42e049b9bf4b69d7576099acad9def\">lundi 27 avril&nbsp;2026 au dimanche 10 mai 2026&nbsp;: <strong>Vacances de printemps (P\u00e2ques)<\/strong><\/p>\n\n\n\n<p class=\"has-pink-color has-text-color has-link-color wp-elements-b5a5dd57b9acb12b45061a59fd35745e\">jeudi 14 mai 2026&nbsp;: <strong>Jeudi de l&rsquo;Ascension<\/strong><\/p>\n\n\n\n<p class=\"has-pink-color has-text-color has-link-color wp-elements-100623bb7cec60895bcd38f3e98af505\">lundi 25 mai 2026&nbsp;: <strong>Lundi de Pentec\u00f4te<\/strong><\/p>\n\n\n\n<p>samedi 6 juin 2026 : <strong>F\u00eate des enfants<\/strong><\/p>\n\n\n\n<p class=\"has-pink-color has-text-color has-link-color wp-elements-3c9a156285658d7d3b59f4ea8da0852d\">jeudi 18 juin au 23 juin 2026 : passage des \u00e9preuves du CEB pour les sixi\u00e8me primaire.<\/p>\n\n\n\n<p class=\"has-pink-color has-text-color has-link-color wp-elements-a7fddc1aa4d692d29a650abea5362b12\"><strong>Les vacances d&rsquo;\u00e9t\u00e9 d\u00e9butent le <\/strong>samedi 4 juillet 2026<\/p>\n","protected":false},"excerpt":{"rendered":"<p>lundi 25 ao\u00fbt 2025&nbsp;: &nbsp;Rentr\u00e9e scolaire&nbsp; mardi 2 septembre : R\u00e9union de rentr\u00e9e pour les [&hellip;]<\/p>\n","protected":false},"author":2,"featured_media":0,"comment_status":"open","ping_status":"open","sticky":false,"template":"","format":"standard","meta":{"footnotes":""},"categories":[7,8,1],"tags":[],"class_list":["post-205","post","type-post","status-publish","format-standard","hentry","category-ecole","category-news","category-non-classe"],"_links":{"self":[{"href":"https:\/\/wp.ecole-ndlc.be\/index.php\/wp-json\/wp\/v2\/posts\/205","targetHints":{"allow":["GET"]}}],"collection":[{"href":"https:\/\/wp.ecole-ndlc.be\/index.php\/wp-json\/wp\/v2\/posts"}],"about":[{"href":"https:\/\/wp.ecole-ndlc.be\/index.php\/wp-json\/wp\/v2\/types\/post"}],"author":[{"embeddable":true,"href":"https:\/\/wp.ecole-ndlc.be\/index.php\/wp-json\/wp\/v2\/users\/2"}],"replies":[{"embeddable":true,"href":"https:\/\/wp.ecole-ndlc.be\/index.php\/wp-json\/wp\/v2\/comments?post=205"}],"version-history":[{"count":12,"href":"https:\/\/wp.ecole-ndlc.be\/index.php\/wp-json\/wp\/v2\/posts\/205\/revisions"}],"predecessor-version":[{"id":450,"href":"https:\/\/wp.ecole-ndlc.be\/index.php\/wp-json\/wp\/v2\/posts\/205\/revisions\/450"}],"wp:attachment":[{"href":"https:\/\/wp.ecole-ndlc.be\/index.php\/wp-json\/wp\/v2\/media?parent=205"}],"wp:term":[{"taxonomy":"category","embeddable":true,"href":"https:\/\/wp.ecole-ndlc.be\/index.php\/wp-json\/wp\/v2\/categories?post=205"},{"taxonomy":"post_tag","embeddable":true,"href":"https:\/\/wp.ecole-ndlc.be\/index.php\/wp-json\/wp\/v2\/tags?post=205"}],"curies":[{"name":"wp","href":"https:\/\/api.w.org\/{rel}","templated":true}]}}